{"id":95077,"date":"2026-08-31T08:53:21","date_gmt":"2026-08-31T06:53:21","guid":{"rendered":"https:\/\/www.smartsteuer.de\/online\/?p=95077"},"modified":"2026-08-31T08:53:43","modified_gmt":"2026-08-31T06:53:43","slug":"das-aendert-sich-im-september-2026-neuigkeiten-gesetze-steuern","status":"publish","type":"post","link":"https:\/\/www.smartsteuer.de\/online\/blog\/das-aendert-sich-im-september-2026-neuigkeiten-gesetze-steuern\/","title":{"rendered":"Das a\u0308ndert sich im September 2026 \u2013 Neuigkeiten, Gesetze &#038; Steuern"},"content":{"rendered":"\t\t\t<div data-fullscreen=\"disabled\" data-mode=\"normal\" data-oembed=\"1\" data-provider=\"youtube\" data-reset-after-played id=\"arve-youtube-xsa8dtmsnwk\" style=\"max-width:900px;\" class=\"arve\">\n\t\t\t\t<div class=\"arve-inner\">\n\t\t\t\t\t<div style=\"aspect-ratio:500\/281\" class=\"arve-embed arve-embed--has-aspect-ratio\">\n\t\t\t\t\t\t<div class=\"arve-ar\" style=\"padding-top:56.200000%\"><\/div>\n\t\t\t<div class=\"smde-cookiebot-youtube-consent-placeholder cookieconsent-optout-marketing sui-theme-box sui-rounded-corners p-3\">\n\t<i class=\"fa-brands fa-youtube mb-1 mb-sm-3\" aria-hidden=\"true\"><\/i>\n\t<div>Bitte akzeptiere <button onclick=\"Cookiebot.renew()\" class=\"smde-link-button\">hier<\/button> die Cookies, um das Video zu sehen.<\/div>\n<\/div>\n<iframe allow=\"accelerometer &apos;none&apos;;autoplay &apos;none&apos;;bluetooth &apos;none&apos;;browsing-topics &apos;none&apos;;camera &apos;none&apos;;clipboard-read &apos;none&apos;;clipboard-write;display-capture &apos;none&apos;;encrypted-media &apos;none&apos;;gamepad &apos;none&apos;;geolocation &apos;none&apos;;gyroscope &apos;none&apos;;hid &apos;none&apos;;identity-credentials-get &apos;none&apos;;idle-detection &apos;none&apos;;keyboard-map &apos;none&apos;;local-fonts;magnetometer &apos;none&apos;;microphone &apos;none&apos;;midi &apos;none&apos;;otp-credentials &apos;none&apos;;payment &apos;none&apos;;picture-in-picture;publickey-credentials-create &apos;none&apos;;publickey-credentials-get &apos;none&apos;;screen-wake-lock &apos;none&apos;;serial &apos;none&apos;;summarizer &apos;none&apos;;sync-xhr;usb &apos;none&apos;;web-share;window-management &apos;none&apos;;xr-spatial-tracking &apos;none&apos;;\" allowfullscreen=\"\" class=\"arve-iframe fitvidsignore\" credentialless data-arve=\"arve-youtube-xsa8dtmsnwk\" data-lenis-prevent=\"\" data-src-no-ap=\"https:\/\/www.youtube-nocookie.com\/embed\/xsA8dTMSNwk?feature=oembed&amp;iv_load_policy=3&amp;modestbranding=1&amp;rel=0&amp;autohide=1&amp;playsinline=0&amp;enablejsapi=1&amp;autoplay=0\" frameborder=\"0\" height=\"505.8\" loading=\"lazy\" name=\"\" referrerpolicy=\"strict-origin-when-cross-origin\" sandbox=\"allow-scripts allow-same-origin allow-presentation allow-popups allow-popups-to-escape-sandbox\" scrolling=\"no\" data-cookieconsent=\"marketing\" data-src=\"https:\/\/www.youtube-nocookie.com\/embed\/xsA8dTMSNwk?feature=oembed&#038;iv_load_policy=3&#038;modestbranding=1&#038;rel=0&#038;autohide=1&#038;playsinline=0&#038;enablejsapi=1&#038;autoplay=0\" title=\"Das \u00e4ndert sich im September 2026 \u2013 Neuigkeiten, Gesetze &amp; Steuern September 2026\" width=\"900\"><\/iframe>\n\t\t\t\t\t\t\t\t<\/div>\n\t\t\t\t\t\t\t\t\t<\/div>\n\t\t\t\t\t\t\t\t\t\t\t\t<script type=\"application\/ld+json\">{\"@context\":\"http:\\\/\\\/schema.org\\\/\",\"@id\":\"https:\\\/\\\/www.smartsteuer.de\\\/online\\\/blog\\\/das-aendert-sich-im-september-2026-neuigkeiten-gesetze-steuern\\\/#arve-youtube-xsa8dtmsnwk\",\"@type\":\"VideoObject\",\"author\":{\"@type\":\"Organization\",\"name\":\"smartsteuer\"},\"embedURL\":\"https:\\\/\\\/www.youtube-nocookie.com\\\/embed\\\/xsA8dTMSNwk?feature=oembed&iv_load_policy=3&modestbranding=1&rel=0&autohide=1&playsinline=0&enablejsapi=1&autoplay=0\",\"name\":\"Das \\u00e4ndert sich im September 2026 \\u2013 Neuigkeiten, Gesetze & Steuern September 2026\",\"thumbnailUrl\":\"https:\\\/\\\/i.ytimg.com\\\/vi\\\/xsA8dTMSNwk\\\/hqdefault.jpg\",\"uploadDate\":\"2026-08-30T14:00:24Z\",\"description\":\"Das \\u00e4ndert sich im September 2026 \\u2013 Neuigkeiten, Gesetze & Steuern September 2026\\nNeukunden erhalten mit dem Code YOUTUBE10 10 % Rabatt auf ihre erste Steuererkl\\u00e4rung mit smartsteuer. Jetzt starten: \\n\\nIm September 2026 \\u00e4ndert sich wieder mehr, als auf den ersten Blick sichtbar ist: neue Gesetze, klare Stichtage und Neuerungen, die viele direkt im Geldbeutel oder im Alltag sp\\u00fcren. Wer jetzt aufmerksam ist, sichert sich g\\u00fcnstige Beratung, st\\u00e4rkere Verbraucherrechte und beh\\u00e4lt wichtige Fristen im Blick.\\n\\nIm Mittelpunkt steht ein dichter Reigen an \\u00c4nderungen: Zum 1. September tritt die gr\\u00f6\\u00dfte Reform des Steuerberatungsrechts seit 2008 in Kraft, wodurch Lohnsteuerhilfevereine k\\u00fcnftig auch Menschen mit Eink\\u00fcnften aus Vermietung oder Kapitalanlagen helfen d\\u00fcrfen \\u2013 rund 35.500 zus\\u00e4tzliche Steuerpflichtige profitieren. Am 10. September testet der bundesweite Warntag alle Warnsysteme, am 30. September findet der internationale Austausch von Kontodaten zwischen Deutschland und \\u00fcber hundert Staaten statt.\\n\\nDas Video richtet sich an Steuerzahler, Vermieter, Kapitalanleger, Verbraucher, Inhaber eines Auslandskontos und privat Krankenversicherte. Besonders relevant: Ab dem 27. September gibt es ein einheitliches EU-Gew\\u00e4hrleistungs-Label und strengere Regeln gegen Greenwashing bei Umweltwerbung. Und wer seine private Krankenversicherung zum Jahresende wechseln will, muss bis zum 30. September k\\u00fcndigen \\u2013 oft ist aber ein interner Tarifwechsel nach \\u00a7 204 VVG die bessere Wahl, weil dabei die Alterungsr\\u00fcckstellungen erhalten bleiben und keine neue Gesundheitspr\\u00fcfung ansteht.\\n\\nDas lernst du im Video:\\nVerstehen, warum die Reform des Steuerberatungsrechts mehr Menschen g\\u00fcnstige Hilfe erm\\u00f6glicht\\nNutzen, dass Lohnsteuerhilfevereine k\\u00fcnftig auch bei Vermietung und Kapitalertr\\u00e4gen beraten d\\u00fcrfen\\nPr\\u00fcfen, ob beim bundesweiten Warntag die Warnung tats\\u00e4chlich auf deinem Handy ankommt\\nBeachten, warum Auslandskonten durch den Datenaustausch jetzt sauber angegeben werden sollten\\nErkennen, wie das neue Gew\\u00e4hrleistungs-Label die gesetzliche Gew\\u00e4hrleistung sichtbar macht\\nEinordnen, warum strengere Regeln gegen Greenwashing beim Einkauf helfen\\nMitnehmen, warum ein interner Tarifwechsel in der privaten Krankenversicherung oft besser ist\\nMerken, bis wann die K\\u00fcndigungsfrist bei der privaten Krankenversicherung l\\u00e4uft\\n\\nWenn du Neuigkeiten zu Steuerberatung, Verbraucherrechten, Kontodatenaustausch, privater Krankenversicherung und weiteren Steuer- und Finanzthemen nicht verpassen willst, ist dieser Kanal dein verl\\u00e4sslicher Anlaufpunkt. Deine Steuererkl\\u00e4rung erledigst du anschlie\\u00dfend einfach und ohne Vorkenntnisse online mit smartsteuer.\\n\\nDas \\u00e4ndert sich im September 2026 \\u2013 Neuigkeiten, Gesetze & Steuern September 2026\"}<\/script>\t\t\t\t\t\t\t<\/div>\n\t\t\t\n<p data-path-to-node=\"4\">Hallo, ich bin Simon. Wie zu jedem Monatswechsel fassen wir f\u00fcr euch zusammen, was sich \u00e4ndern wird, damit ihr immer auf dem Laufenden bleibt und nichts verpasst. Und genau daf\u00fcr ist smartsteuer\u00a0da! Also abonniert gerne <a href=\"https:\/\/www.youtube.com\/smartsteuerde\">unseren Kana<\/a>l, wenn ihr keine wichtigen Steuer- und Finanzneuigkeiten mehr verpassen wollt. Wir freuen uns \u00fcber jeden Abonnenten.<\/p>\n<h2 data-path-to-node=\"6\">1. Die Steuerberatungsreform (Lohnsteuerhilfevereine)<\/h2>\n<p data-path-to-node=\"7\">Erste \u00c4nderung: die Steuerberatungsreform. Wir starten direkt mit dem Thema, das f\u00fcr viele von euch das Interessanteste sein d\u00fcrfte: Zum 1. September tritt die umfangreichste Reform des Steuerberatungsrechts seit 2008 in Kraft. Das klingt erstmal trocken, hat aber einen ganz praktischen Kern f\u00fcr viele: Lohnsteuerhilfevereine d\u00fcrfen k\u00fcnftig deutlich mehr Menschen bei der Steuererkl\u00e4rung helfen als bisher.<\/p>\n<p data-path-to-node=\"8\">Der wichtigste Punkt dabei: Bislang gab es eine Grenze, die viele ausgeschlossen hat. Wer zum Beispiel Einnahmen aus Vermietung und Verpachtung oder aus Kapitalanlagen in relativ hoher H\u00f6he hatte, durfte sich von einem Lohnsteuerhilfeverein oft gar nicht beraten lassen. Genau diese Einkommensgrenze f\u00e4llt jetzt weg. Das hei\u00dft konkret: Auch wer eine Wohnung vermietet oder Geld angelegt hat, kann sich k\u00fcnftig g\u00fcnstig \u00fcber einen Lohnsteuerhilfeverein unterst\u00fctzen lassen, ohne gleich die oft teurere Variante mit Steuerberaterrechnung zahlen zu m\u00fcssen. Nach Sch\u00e4tzung des Bundesfinanzministeriums k\u00f6nnen dadurch rund 35.500 zus\u00e4tzliche Steuerpflichtige diese Hilfe in Anspruch nehmen.<\/p>\n<p data-path-to-node=\"9\">Noch eine praktische Neuerung gibt es: Eine einzelne Leitungsperson darf k\u00fcnftig drei statt bisher nur zwei Beratungsstellen f\u00fchren. Das sorgt daf\u00fcr, dass es insgesamt mehr Anlaufstellen geben kann. F\u00fcr alle, die ihre Steuererkl\u00e4rung nicht komplett alleine machen wollen, aber auch keine gro\u00dfe Beraterechnung m\u00f6chten, ist das im ersten Moment eine gute Nachricht. Wer sie ohnehin lieber selbst macht \u2013 einfach und ohne Vorkenntnisse \u2013, f\u00fcr den bleibt nat\u00fcrlich <i data-path-to-node=\"9\" data-index-in-node=\"469\">smartsteuer<\/i> immer noch der bequemste und wahrscheinlich kosteng\u00fcnstigste Weg.<\/p>\n<h2 data-path-to-node=\"11\">2. Bundesweiter Warntag am 10. September<\/h2>\n<p data-path-to-node=\"12\">Zweite \u00c4nderung: der bundesweite Warntag. Weiter geht es mit einem Termin, der wirklich jeden trifft. Stellt euch vor, ihr sitzt am 10. September mittags in der Bahn oder bei der Arbeit im B\u00fcro, und auf einen Schlag fangen rund um euch herum alle Handys gleichzeitig an zu schrecken.<\/p>\n<p data-path-to-node=\"13\">Keine Sorge, das ist kein Notfall, sondern der bundesweite Warntag. An diesem Donnerstag testen Bund und L\u00e4nder gemeinsam alle Warnsysteme, die wir in Deutschland haben. Gegen 11:00 Uhr kommt eine Probewarnung, gegen 11:45 Uhr dann die Entwarnung dazu. Getestet werden die Sirenen, die Warn-Apps wie NINA und vor allem das sogenannte <i data-path-to-node=\"13\" data-index-in-node=\"342\">Cell Broadcast System<\/i>. Das ist die Warnung, die ganz ohne App auf jedem Handy landet, einfach weil man sich in der Funkzelle befindet.<\/p>\n<p data-path-to-node=\"14\">Tun muss man daf\u00fcr nichts. Was sich aber an dem Tag wirklich lohnt: einmal kurz f\u00fcr sich selbst pr\u00fcfen, ob die Warnung \u00fcberhaupt angekommen ist. Denn wenn das Handy stumm bleibt, ist Cell Broadcast dort auf dem Ger\u00e4t wahrscheinlich deaktiviert. Im echten Ernstfall \u2013 etwa bei einem Hochwasser \u2013 will man so eine Meldung nat\u00fcrlich bekommen. So nervig dieser Testtag f\u00fcr viele auch erstmal sein mag, er hat einen ernsten Hintergrund.<\/p>\n<h2 data-path-to-node=\"16\">3. Austausch von Auslands-Kontodaten durch die Finanz\u00e4mter<\/h2>\n<p data-path-to-node=\"17\">Dritte \u00c4nderung: eure Kontodaten. Kommen wir zu einem Punkt, \u00fcber den kaum jemand spricht, dabei l\u00e4uft er jedes Jahr f\u00fcr Millionen Konten im Hintergrund ab, ohne dass wir gefragt werden: Zum 30. September findet der gro\u00dfe Austausch von Finanzkontodaten statt.<\/p>\n<p data-path-to-node=\"18\">Der Hintergrund ist ein weltweiter Standard, und Deutschland setzt das Ganze \u00fcber das sogenannte <i data-path-to-node=\"18\" data-index-in-node=\"105\">Finanzkonten-Informationsaustauschgesetz<\/i> um. Das l\u00e4uft in zwei Schritten: Zuerst melden die Banken die Kontodaten ihrer Kunden an das Bundeszentralamt f\u00fcr Steuern. Dieser Schritt ist bereits gelaufen. Jetzt zum 30. September kommt der eigentliche Austausch: Die Daten werden zwischen Deutschland und 118 anderen Staaten weltweit ausgetauscht.<\/p>\n<p data-path-to-node=\"19\">Damit sind wir beim entscheidenden Punkt: Betroffen ist jeder, der ein Konto im Ausland hat. Wer also ein Konto zum Beispiel in der Schweiz, in \u00d6sterreich, in der T\u00fcrkei, auf Zypern, in Dubai oder sonst wo f\u00fchrt, dessen Daten bekommt das deutsche Finanzamt automatisch, ohne dass man selbst irgendwas davon mitbekommt.<\/p>\n<p data-path-to-node=\"20\">Ganz wichtig, damit keine falsche Vorstellung entsteht: Das ist nichts Illegales, nur weil es viele Leute nicht mitbekommen, und auch kein Grund zur Panik. Wer sein Auslandskonto ordentlich in der Steuererkl\u00e4rung angibt \u2013 wie man das ja machen muss \u2013, f\u00fcr den ist alles in Ordnung. Nur wer das bisher aus welchem Grund auch immer nicht gemacht hat, f\u00fcr den k\u00f6nnte es jetzt eng werden, weil die Finanz\u00e4mter diese Konten k\u00fcnftig einfach sehen. Der richtige Zeitpunkt, das sauber nachzuholen, w\u00e4re genau jetzt.<\/p>\n<h2 data-path-to-node=\"22\">4. Mehr Verbraucherrechte (Gew\u00e4hrleistung &amp; Anti-Greenwashing)<\/h2>\n<p data-path-to-node=\"23\">Vierte \u00c4nderung: mehr Verbraucherrechte. Die n\u00e4chste \u00c4nderung begegnet euch ab dem 27. September beim Einkaufen, und sie ist im Ernstfall bares Geld wert.<\/p>\n<p data-path-to-node=\"24\">Ab diesem Tag gilt EU-weit ein neues einheitliches Gew\u00e4hrleistungslabel. Das findet ihr k\u00fcnftig z. B. an der Kasse, im Onlineshop oder auf der Verpackung. Der Hintergrund: Viele Menschen verwechseln zwei Dinge, die rechtlich v\u00f6llig verschieden sind: zum einen die gesetzliche Gew\u00e4hrleistung und zum anderen die freiwillige Herstellergarantie.<\/p>\n<p data-path-to-node=\"25\">Zur Erinnerung: Die gesetzliche Gew\u00e4hrleistung steht euch bei jedem Kauf automatisch zu und bedeutet, dass ihr bei einem Defekt mindestens zwei Jahre lang Anspruch auf kostenlose Reparatur oder Ersatz habt \u2013 ganz unabh\u00e4ngig davon, ob der H\u00e4ndler zus\u00e4tzlich eine eigene Garantie anbietet. Genau das soll das neue Label endlich klar sichtbar machen. Gerade beim Kauf teurer Dinge wie einer Waschmaschine, einem Fernseher, Kinderwagen oder Fahrrad ist das goldwert.<\/p>\n<p data-path-to-node=\"26\">Am selben Tag, dem 27. September, wird es noch eine zweite Neuerung geben: Werbung mit Umweltversprechen wird deutlich strenger geregelt. Begriffe wie \u201eklimaneutral\u201c, \u201eumweltfreundlich\u201c oder \u201enachhaltig\u201c d\u00fcrfen dann nur noch verwendet werden, wenn sie wirklich klar belegbar und \u00fcberpr\u00fcfbar sind. Das soll vor sogenanntem <i data-path-to-node=\"26\" data-index-in-node=\"330\">Greenwashing<\/i> sch\u00fctzen \u2013 also vor Werbung, die gr\u00fcner und klimafreundlicher klingt, als das Produkt tats\u00e4chlich ist. F\u00fcr alle, die beim Einkaufen bewusst entscheiden wollen, sind das gleich zwei gute Nachrichten im September.<\/p>\n<h2 data-path-to-node=\"28\">5. Wichtige K\u00fcndigungsfrist bei der privaten Krankenversicherung<\/h2>\n<p data-path-to-node=\"29\">F\u00fcnfte \u00c4nderung: wichtige Frist bei der Krankenversicherung. Noch eine Frist, die richtig Geld kosten kann, wenn man sie verpasst. Es geht um die private Krankenversicherung (PKV). Wer privat versichert und mit seinem Tarif unzufrieden ist, muss die K\u00fcndigung in der Regel bis zum 30. September einreichen, wenn er zum Jahreswechsel wechseln m\u00f6chte. Verpasst man diesen Tag, sitzt man das ganze n\u00e4chste Jahr wieder im alten Tarif fest.<\/p>\n<p data-path-to-node=\"30\">Aber bevor jetzt jemand vorschnell k\u00fcndigt, ein wichtiger Hinweis: Ein Anbieterwechsel hat grunds\u00e4tzlich zwei Haken:<\/p>\n<ol start=\"1\" data-path-to-node=\"31\">\n<li>\n<p data-path-to-node=\"31,0,0\"><b data-path-to-node=\"31,0,0\" data-index-in-node=\"0\">Verlust von Alterungsr\u00fcckstellungen:<\/b> Man verliert einen Teil der angesparten Alterungsr\u00fcckstellungen \u2013 also das Geld, das die Beitr\u00e4ge im Alter stabil halten soll.<\/p>\n<\/li>\n<li>\n<p data-path-to-node=\"31,1,0\"><b data-path-to-node=\"31,1,0\" data-index-in-node=\"0\">Neue Gesundheitspr\u00fcfung:<\/b> Beim neuen Anbieter steht in der Regel eine neue Gesundheitspr\u00fcfung an. Ist seit dem urspr\u00fcnglichen Abschluss gesundheitlich etwas dazugekommen, zahlt man eventuell Risikozuschl\u00e4ge oder wird gar nicht erst angenommen.<\/p>\n<\/li>\n<\/ol>\n<p data-path-to-node=\"32\">Deshalb ein Tipp, den die wenigsten kennen: Man darf auch innerhalb der eigenen Versicherung in einen eventuell g\u00fcnstigeren Tarif wechseln. Das ist in \u00a7 204 des Versicherungsvertragsgesetzes (VVG) geregelt. Dabei wandern die kompletten Alterungsr\u00fcckstellungen mit, und es gibt keine neue Gesundheitspr\u00fcfung, wenn man sich f\u00fcr weniger (oder gleichwertige) Leistung entscheidet. Das ist sogar jederzeit m\u00f6glich, ganz ohne die Frist zum 30. September. Hei\u00dft also: Erstmal intern den Tarif pr\u00fcfen lassen und nur bei wirklich guter Gesundheit \u00fcber einen echten Anbieterwechsel nachdenken.<\/p>\n<h3 data-path-to-node=\"34\">Fazit<\/h3>\n<p data-path-to-node=\"35\">Das waren die wichtigsten \u00c4nderungen im September 2026!<\/p>\n<p data-path-to-node=\"36\">Wenn euch dieser \u00dcberblick geholfen hat, lasst uns einen Daumen nach oben da und <a href=\"https:\/\/www.youtube.com\/smartsteuerde\">abonniert unseren Kanal<\/a>, damit ihr auch im n\u00e4chsten Monat wieder alle wichtigen \u00c4nderungen kennt. Vielen Dank f\u00fcrs Zuschauen und wie immer w\u00fcnschen wir euch ganz viel Erfolg bei eurer n\u00e4chsten Steuererkl\u00e4rung \u2013 <a href=\"https:\/\/www.smartsteuer.de\/online\/\">einfach und ohne Vorkenntnisse mit der Online-Steuererkl\u00e4rung von smartsteuer<\/a>!<\/p>\n","protected":false},"excerpt":{"rendered":"<p>Hallo, ich bin Simon. Wie zu jedem Monatswechsel fassen wir f\u00fcr euch zusammen, was sich \u00e4ndern wird, damit ihr immer auf dem Laufenden bleibt und nichts verpasst. Und genau daf\u00fcr ist smartsteuer\u00a0da! Also abonniert gerne unseren Kanal, wenn ihr keine wichtigen Steuer- und Finanzneuigkeiten mehr verpassen wollt. Wir freuen uns \u00fcber jeden Abonnenten. 1. Die [&hellip;]<\/p>\n","protected":false},"author":62,"featured_media":0,"comment_status":"closed","ping_status":"closed","sticky":false,"template":"","format":"standard","meta":{"_acf_changed":false,"footnotes":""},"categories":[1],"tags":[],"class_list":["post-95077","post","type-post","status-publish","format-standard","hentry","category-allgemein"],"acf":[],"yoast_head":"<!-- This site is optimized with the Yoast SEO Premium plugin v28.2 (Yoast SEO v28.2) - https:\/\/yoast.com\/product\/yoast-seo-premium-wordpress\/ -->\n<title>Das a\u0308ndert sich im September 2026 \u2013 Neuigkeiten, Gesetze &amp; Steuern -<\/title>\n<meta name=\"description\" content=\"Das a\u0308ndert sich im September 2026 \u2013 Neuigkeiten, Gesetze &amp; Steuern \ud83d\udca1 Hinweise und Tipps f\u00fcr Dich leicht erkl\u00e4rt!\" \/>\n<meta name=\"robots\" content=\"index, follow, max-snippet:-1, max-image-preview:large, max-video-preview:-1\" \/>\n<link rel=\"canonical\" href=\"https:\/\/www.smartsteuer.de\/online\/blog\/das-aendert-sich-im-september-2026-neuigkeiten-gesetze-steuern\/\" \/>\n<meta property=\"og:locale\" content=\"de_DE\" \/>\n<meta property=\"og:type\" content=\"article\" \/>\n<meta property=\"og:title\" content=\"Das a\u0308ndert sich im September 2026 \u2013 Neuigkeiten, Gesetze &amp; Steuern\" \/>\n<meta property=\"og:description\" content=\"Das a\u0308ndert sich im September 2026 \u2013 Neuigkeiten, Gesetze &amp; Steuern \ud83d\udca1 Hinweise und Tipps f\u00fcr Dich leicht erkl\u00e4rt!\" \/>\n<meta property=\"og:url\" content=\"https:\/\/www.smartsteuer.de\/online\/blog\/das-aendert-sich-im-september-2026-neuigkeiten-gesetze-steuern\/\" \/>\n<meta property=\"og:site_name\" content=\"smartsteuer\" \/>\n<meta property=\"article:publisher\" content=\"https:\/\/de-de.facebook.com\/smartsteuer\/\" \/>\n<meta property=\"article:published_time\" content=\"2026-08-31T06:53:21+00:00\" \/>\n<meta property=\"article:modified_time\" content=\"2026-08-31T06:53:43+00:00\" \/>\n<meta name=\"author\" content=\"Sophie Reindl\" \/>\n<meta name=\"twitter:card\" content=\"summary_large_image\" \/>\n<meta name=\"twitter:creator\" content=\"@smartsteuer\" \/>\n<meta name=\"twitter:site\" content=\"@smartsteuer\" \/>\n<meta name=\"twitter:label1\" content=\"Verfasst von\" \/>\n\t<meta name=\"twitter:data1\" content=\"Sophie Reindl\" \/>\n\t<meta name=\"twitter:label2\" content=\"Gesch\u00e4tzte Lesezeit\" \/>\n\t<meta name=\"twitter:data2\" content=\"7\u00a0Minuten\" \/>\n<script type=\"application\/ld+json\" class=\"yoast-schema-graph\">{\"@context\":\"https:\\\/\\\/schema.org\",\"@graph\":[{\"@type\":\"Article\",\"@id\":\"https:\\\/\\\/www.smartsteuer.de\\\/online\\\/blog\\\/das-aendert-sich-im-september-2026-neuigkeiten-gesetze-steuern\\\/#article\",\"isPartOf\":{\"@id\":\"https:\\\/\\\/www.smartsteuer.de\\\/online\\\/blog\\\/das-aendert-sich-im-september-2026-neuigkeiten-gesetze-steuern\\\/\"},\"author\":{\"name\":\"Sophie Reindl\",\"@id\":\"https:\\\/\\\/www.smartsteuer.de\\\/online\\\/#\\\/schema\\\/person\\\/5d705f5d64a4173777dcac9c06fa3a14\"},\"headline\":\"Das a\u0308ndert sich im September 2026 \u2013 Neuigkeiten, Gesetze &#038; Steuern\",\"datePublished\":\"2026-08-31T06:53:21+00:00\",\"dateModified\":\"2026-08-31T06:53:43+00:00\",\"mainEntityOfPage\":{\"@id\":\"https:\\\/\\\/www.smartsteuer.de\\\/online\\\/blog\\\/das-aendert-sich-im-september-2026-neuigkeiten-gesetze-steuern\\\/\"},\"wordCount\":1305,\"publisher\":{\"@id\":\"https:\\\/\\\/www.smartsteuer.de\\\/online\\\/#organization\"},\"inLanguage\":\"de\"},{\"@type\":\"WebPage\",\"@id\":\"https:\\\/\\\/www.smartsteuer.de\\\/online\\\/blog\\\/das-aendert-sich-im-september-2026-neuigkeiten-gesetze-steuern\\\/\",\"url\":\"https:\\\/\\\/www.smartsteuer.de\\\/online\\\/blog\\\/das-aendert-sich-im-september-2026-neuigkeiten-gesetze-steuern\\\/\",\"name\":\"Das a\u0308ndert sich im September 2026 \u2013 Neuigkeiten, Gesetze & Steuern -\",\"isPartOf\":{\"@id\":\"https:\\\/\\\/www.smartsteuer.de\\\/online\\\/#website\"},\"datePublished\":\"2026-08-31T06:53:21+00:00\",\"dateModified\":\"2026-08-31T06:53:43+00:00\",\"description\":\"Das a\u0308ndert sich im September 2026 \u2013 Neuigkeiten, Gesetze & Steuern \ud83d\udca1 Hinweise und Tipps f\u00fcr Dich leicht erkl\u00e4rt!\",\"breadcrumb\":{\"@id\":\"https:\\\/\\\/www.smartsteuer.de\\\/online\\\/blog\\\/das-aendert-sich-im-september-2026-neuigkeiten-gesetze-steuern\\\/#breadcrumb\"},\"inLanguage\":\"de\",\"potentialAction\":[{\"@type\":\"ReadAction\",\"target\":[\"https:\\\/\\\/www.smartsteuer.de\\\/online\\\/blog\\\/das-aendert-sich-im-september-2026-neuigkeiten-gesetze-steuern\\\/\"]}]},{\"@type\":\"BreadcrumbList\",\"@id\":\"https:\\\/\\\/www.smartsteuer.de\\\/online\\\/blog\\\/das-aendert-sich-im-september-2026-neuigkeiten-gesetze-steuern\\\/#breadcrumb\",\"itemListElement\":[{\"@type\":\"ListItem\",\"position\":1,\"name\":\"Home\",\"item\":\"https:\\\/\\\/www.smartsteuer.de\\\/online\\\/\"},{\"@type\":\"ListItem\",\"position\":2,\"name\":\"Das a\u0308ndert sich im September 2026 \u2013 Neuigkeiten, Gesetze &#038; Steuern\"}]},{\"@type\":\"WebSite\",\"@id\":\"https:\\\/\\\/www.smartsteuer.de\\\/online\\\/#website\",\"url\":\"https:\\\/\\\/www.smartsteuer.de\\\/online\\\/\",\"name\":\"smartsteuer\",\"description\":\"Steuererkl\u00e4rung 2024 online machen &amp; Steuern sparen\",\"publisher\":{\"@id\":\"https:\\\/\\\/www.smartsteuer.de\\\/online\\\/#organization\"},\"potentialAction\":[{\"@type\":\"SearchAction\",\"target\":{\"@type\":\"EntryPoint\",\"urlTemplate\":\"https:\\\/\\\/www.smartsteuer.de\\\/online\\\/?s={search_term_string}\"},\"query-input\":{\"@type\":\"PropertyValueSpecification\",\"valueRequired\":true,\"valueName\":\"search_term_string\"}}],\"inLanguage\":\"de\"},{\"@type\":\"Organization\",\"@id\":\"https:\\\/\\\/www.smartsteuer.de\\\/online\\\/#organization\",\"name\":\"smartsteuer GmbH\",\"url\":\"https:\\\/\\\/www.smartsteuer.de\\\/online\\\/\",\"logo\":{\"@type\":\"ImageObject\",\"inLanguage\":\"de\",\"@id\":\"https:\\\/\\\/www.smartsteuer.de\\\/online\\\/#\\\/schema\\\/logo\\\/image\\\/\",\"url\":\"https:\\\/\\\/www.smartsteuer.de\\\/online\\\/wp-content\\\/uploads\\\/2024\\\/11\\\/Favicon-smartsteuer.png\",\"contentUrl\":\"https:\\\/\\\/www.smartsteuer.de\\\/online\\\/wp-content\\\/uploads\\\/2024\\\/11\\\/Favicon-smartsteuer.png\",\"width\":512,\"height\":512,\"caption\":\"smartsteuer GmbH\"},\"image\":{\"@id\":\"https:\\\/\\\/www.smartsteuer.de\\\/online\\\/#\\\/schema\\\/logo\\\/image\\\/\"},\"sameAs\":[\"https:\\\/\\\/de-de.facebook.com\\\/smartsteuer\\\/\",\"https:\\\/\\\/x.com\\\/smartsteuer\",\"https:\\\/\\\/www.youtube.com\\\/channel\\\/UCu02GkFNrMRzwysT2SEmNrQ\"]},{\"@type\":\"Person\",\"@id\":\"https:\\\/\\\/www.smartsteuer.de\\\/online\\\/#\\\/schema\\\/person\\\/5d705f5d64a4173777dcac9c06fa3a14\",\"name\":\"Sophie Reindl\",\"image\":{\"@type\":\"ImageObject\",\"inLanguage\":\"de\",\"@id\":\"https:\\\/\\\/secure.gravatar.com\\\/avatar\\\/ad516503a11cd5ca435acc9bb6523536?s=96\",\"url\":\"https:\\\/\\\/secure.gravatar.com\\\/avatar\\\/ad516503a11cd5ca435acc9bb6523536?s=96\",\"contentUrl\":\"https:\\\/\\\/secure.gravatar.com\\\/avatar\\\/ad516503a11cd5ca435acc9bb6523536?s=96\",\"caption\":\"Sophie Reindl\"},\"url\":\"https:\\\/\\\/www.smartsteuer.de\\\/online\\\/blog\\\/author\\\/sophie-reindl\\\/\"}]}<\/script>\n<!-- \/ Yoast SEO Premium plugin. -->","yoast_head_json":{"title":"Das a\u0308ndert sich im September 2026 \u2013 Neuigkeiten, Gesetze & Steuern -","description":"Das a\u0308ndert sich im September 2026 \u2013 Neuigkeiten, Gesetze & Steuern \ud83d\udca1 Hinweise und Tipps f\u00fcr Dich leicht erkl\u00e4rt!","robots":{"index":"index","follow":"follow","max-snippet":"max-snippet:-1","max-image-preview":"max-image-preview:large","max-video-preview":"max-video-preview:-1"},"canonical":"https:\/\/www.smartsteuer.de\/online\/blog\/das-aendert-sich-im-september-2026-neuigkeiten-gesetze-steuern\/","og_locale":"de_DE","og_type":"article","og_title":"Das a\u0308ndert sich im September 2026 \u2013 Neuigkeiten, Gesetze & Steuern","og_description":"Das a\u0308ndert sich im September 2026 \u2013 Neuigkeiten, Gesetze & Steuern \ud83d\udca1 Hinweise und Tipps f\u00fcr Dich leicht erkl\u00e4rt!","og_url":"https:\/\/www.smartsteuer.de\/online\/blog\/das-aendert-sich-im-september-2026-neuigkeiten-gesetze-steuern\/","og_site_name":"smartsteuer","article_publisher":"https:\/\/de-de.facebook.com\/smartsteuer\/","article_published_time":"2026-08-31T06:53:21+00:00","article_modified_time":"2026-08-31T06:53:43+00:00","author":"Sophie Reindl","twitter_card":"summary_large_image","twitter_creator":"@smartsteuer","twitter_site":"@smartsteuer","twitter_misc":{"Verfasst von":"Sophie Reindl","Gesch\u00e4tzte Lesezeit":"7\u00a0Minuten"},"schema":{"@context":"https:\/\/schema.org","@graph":[{"@type":"Article","@id":"https:\/\/www.smartsteuer.de\/online\/blog\/das-aendert-sich-im-september-2026-neuigkeiten-gesetze-steuern\/#article","isPartOf":{"@id":"https:\/\/www.smartsteuer.de\/online\/blog\/das-aendert-sich-im-september-2026-neuigkeiten-gesetze-steuern\/"},"author":{"name":"Sophie Reindl","@id":"https:\/\/www.smartsteuer.de\/online\/#\/schema\/person\/5d705f5d64a4173777dcac9c06fa3a14"},"headline":"Das a\u0308ndert sich im September 2026 \u2013 Neuigkeiten, Gesetze &#038; Steuern","datePublished":"2026-08-31T06:53:21+00:00","dateModified":"2026-08-31T06:53:43+00:00","mainEntityOfPage":{"@id":"https:\/\/www.smartsteuer.de\/online\/blog\/das-aendert-sich-im-september-2026-neuigkeiten-gesetze-steuern\/"},"wordCount":1305,"publisher":{"@id":"https:\/\/www.smartsteuer.de\/online\/#organization"},"inLanguage":"de"},{"@type":"WebPage","@id":"https:\/\/www.smartsteuer.de\/online\/blog\/das-aendert-sich-im-september-2026-neuigkeiten-gesetze-steuern\/","url":"https:\/\/www.smartsteuer.de\/online\/blog\/das-aendert-sich-im-september-2026-neuigkeiten-gesetze-steuern\/","name":"Das a\u0308ndert sich im September 2026 \u2013 Neuigkeiten, Gesetze & Steuern -","isPartOf":{"@id":"https:\/\/www.smartsteuer.de\/online\/#website"},"datePublished":"2026-08-31T06:53:21+00:00","dateModified":"2026-08-31T06:53:43+00:00","description":"Das a\u0308ndert sich im September 2026 \u2013 Neuigkeiten, Gesetze & Steuern \ud83d\udca1 Hinweise und Tipps f\u00fcr Dich leicht erkl\u00e4rt!","breadcrumb":{"@id":"https:\/\/www.smartsteuer.de\/online\/blog\/das-aendert-sich-im-september-2026-neuigkeiten-gesetze-steuern\/#breadcrumb"},"inLanguage":"de","potentialAction":[{"@type":"ReadAction","target":["https:\/\/www.smartsteuer.de\/online\/blog\/das-aendert-sich-im-september-2026-neuigkeiten-gesetze-steuern\/"]}]},{"@type":"BreadcrumbList","@id":"https:\/\/www.smartsteuer.de\/online\/blog\/das-aendert-sich-im-september-2026-neuigkeiten-gesetze-steuern\/#breadcrumb","itemListElement":[{"@type":"ListItem","position":1,"name":"Home","item":"https:\/\/www.smartsteuer.de\/online\/"},{"@type":"ListItem","position":2,"name":"Das a\u0308ndert sich im September 2026 \u2013 Neuigkeiten, Gesetze &#038; Steuern"}]},{"@type":"WebSite","@id":"https:\/\/www.smartsteuer.de\/online\/#website","url":"https:\/\/www.smartsteuer.de\/online\/","name":"smartsteuer","description":"Steuererkl\u00e4rung 2024 online machen &amp; Steuern sparen","publisher":{"@id":"https:\/\/www.smartsteuer.de\/online\/#organization"},"potentialAction":[{"@type":"SearchAction","target":{"@type":"EntryPoint","urlTemplate":"https:\/\/www.smartsteuer.de\/online\/?s={search_term_string}"},"query-input":{"@type":"PropertyValueSpecification","valueRequired":true,"valueName":"search_term_string"}}],"inLanguage":"de"},{"@type":"Organization","@id":"https:\/\/www.smartsteuer.de\/online\/#organization","name":"smartsteuer GmbH","url":"https:\/\/www.smartsteuer.de\/online\/","logo":{"@type":"ImageObject","inLanguage":"de","@id":"https:\/\/www.smartsteuer.de\/online\/#\/schema\/logo\/image\/","url":"https:\/\/www.smartsteuer.de\/online\/wp-content\/uploads\/2024\/11\/Favicon-smartsteuer.png","contentUrl":"https:\/\/www.smartsteuer.de\/online\/wp-content\/uploads\/2024\/11\/Favicon-smartsteuer.png","width":512,"height":512,"caption":"smartsteuer GmbH"},"image":{"@id":"https:\/\/www.smartsteuer.de\/online\/#\/schema\/logo\/image\/"},"sameAs":["https:\/\/de-de.facebook.com\/smartsteuer\/","https:\/\/x.com\/smartsteuer","https:\/\/www.youtube.com\/channel\/UCu02GkFNrMRzwysT2SEmNrQ"]},{"@type":"Person","@id":"https:\/\/www.smartsteuer.de\/online\/#\/schema\/person\/5d705f5d64a4173777dcac9c06fa3a14","name":"Sophie Reindl","image":{"@type":"ImageObject","inLanguage":"de","@id":"https:\/\/secure.gravatar.com\/avatar\/ad516503a11cd5ca435acc9bb6523536?s=96","url":"https:\/\/secure.gravatar.com\/avatar\/ad516503a11cd5ca435acc9bb6523536?s=96","contentUrl":"https:\/\/secure.gravatar.com\/avatar\/ad516503a11cd5ca435acc9bb6523536?s=96","caption":"Sophie Reindl"},"url":"https:\/\/www.smartsteuer.de\/online\/blog\/author\/sophie-reindl\/"}]}},"_links":{"self":[{"href":"https:\/\/www.smartsteuer.de\/online\/wp-json\/wp\/v2\/posts\/95077","targetHints":{"allow":["GET"]}}],"collection":[{"href":"https:\/\/www.smartsteuer.de\/online\/wp-json\/wp\/v2\/posts"}],"about":[{"href":"https:\/\/www.smartsteuer.de\/online\/wp-json\/wp\/v2\/types\/post"}],"author":[{"embeddable":true,"href":"https:\/\/www.smartsteuer.de\/online\/wp-json\/wp\/v2\/users\/62"}],"replies":[{"embeddable":true,"href":"https:\/\/www.smartsteuer.de\/online\/wp-json\/wp\/v2\/comments?post=95077"}],"version-history":[{"count":1,"href":"https:\/\/www.smartsteuer.de\/online\/wp-json\/wp\/v2\/posts\/95077\/revisions"}],"predecessor-version":[{"id":95083,"href":"https:\/\/www.smartsteuer.de\/online\/wp-json\/wp\/v2\/posts\/95077\/revisions\/95083"}],"wp:attachment":[{"href":"https:\/\/www.smartsteuer.de\/online\/wp-json\/wp\/v2\/media?parent=95077"}],"wp:term":[{"taxonomy":"category","embeddable":true,"href":"https:\/\/www.smartsteuer.de\/online\/wp-json\/wp\/v2\/categories?post=95077"},{"taxonomy":"post_tag","embeddable":true,"href":"https:\/\/www.smartsteuer.de\/online\/wp-json\/wp\/v2\/tags?post=95077"}],"curies":[{"name":"wp","href":"https:\/\/api.w.org\/{rel}","templated":true}]}}